{"id":3,"date":"2015-07-24T14:24:59","date_gmt":"2015-07-24T14:24:59","guid":{"rendered":"http:\/\/www.accidentesdetrafico.capital\/blog\/?p=3"},"modified":"2015-09-14T14:27:05","modified_gmt":"2015-09-14T14:27:05","slug":"trafico-en-la-nueva-reforma-del-codigo-penal-espanol","status":"publish","type":"post","link":"http:\/\/www.accidentesdetrafico.capital\/blog\/trafico-en-la-nueva-reforma-del-codigo-penal-espanol\/","title":{"rendered":"Tr\u00e1fico en la nueva reforma del c\u00f3digo penal espa\u00f1ol"},"content":{"rendered":"<p style=\"text-align: justify;\">Como suele pasar, por desgracia m\u00e1s a menudo de lo que quisi\u00e9ramos, las reformas de nuestras leyes no mejoran lo anterior sino que lo empeoran. <em>Verbi gratia<\/em> la ley Tasas Judiciales (actualmente ya derogada para regocijo de todos los que nos dedicamos a cuestiones judiciales y para reflexi\u00f3n profunda del Sr. Gallard\u00f3n que a d\u00eda de hoy nadie sabe c\u00f3mo fue capaz de elaborar una ley que perjudicaba sobremanera al justiciable, sobre todo, como siempre, al que menos tiene).Desafortunadamente este es el caso de la acogida de los accidentes de tr\u00e1fico leves en <strong>nueva reforma del c\u00f3digo penal espa\u00f1ol.<\/strong> Nos cuestionamos seriamente los motivos que han llevado al legislador a acabar con un procedimiento que funcionaba, dejando con ello de regular uno de los asuntos penales m\u00e1s relevantes, por su habitualidad, en los Juzgados de toda Espa\u00f1a.<!--more--><\/p>\n<h2 style=\"text-align: justify;\"><strong>Algunas preguntas sobre la nueva reforma del c\u00f3digo penal<\/strong><\/h2>\n<p style=\"text-align: justify;\">\u00a0\u00a0\u00a0\u00a0\u00a0\u00a0\u00a0\u00a0\u00a0\u00a0\u00a0 Anteriormente a esta reforma los accidentes de tr\u00e1fico se tramitaban de una forma sencilla, clara y efectiva para todos los sectores implicados: Perjudicados, Abogados, Compa\u00f1\u00edas y Jueces. No nos quej\u00e1bamos del procedimiento, antes al contrario era de las pocas cosas que funcionaban relativamente bien en Justicia. De esta manera, tras la oportuna denuncia del perjudicado, se incoaba un procedimiento en\u00a0 los Juzgados de Instrucci\u00f3n del partido judicial competente territorialmente, el del lugar del siniestro, y se proced\u00eda a examinar por parte del m\u00e9dico-forense al lesionado emitiendo posteriormente un informe que, en la mayor\u00eda de las veces, serv\u00edan a abogados, tanto privados como de las compa\u00f1\u00edas aseguradoras, y jueces para cuantificar la indemnizaci\u00f3n por accidente de tr\u00e1fico. En otros casos este informe se impugnaba, si no se estaba de acuerdo con \u00e9l, pero ya serv\u00eda como herramienta para proceder a cuantificar la citada indemnizaci\u00f3n.<\/p>\n<p style=\"text-align: justify;\">\u00a0\u00a0\u00a0\u00a0\u00a0\u00a0\u00a0\u00a0\u00a0\u00a0\u00a0 La pregunta que nos surge a todos es qu\u00e9 va a ocurrir ahora con los accidentes menores que no entran dentro del Libro II, T\u00edtulo XVII, Cap\u00edtulo IV, relativo a los delitos contra la seguridad vial (arts. 379-385). Desaparecidas las faltas, todos aquellos accidentes leves que antes se tramitaban en los juzgados de Instrucci\u00f3n como Juicios de Faltas quedar\u00e1n al arbitrio de cada Juez que ser\u00e1 quien determine, por su experiencia personal, nos tememos que en la mayor\u00eda de las ocasiones dependiendo del exceso de trabajo en dicho Juzgado, si instruir o no el caso o remitirlo a la v\u00eda jurisdiccional civil. \u00bfEn qu\u00e9 puede perjudicar esta circunstancia al perjudicado? En principio en mucho: Si en la v\u00eda civil el Juez que corresponda por territorialidad y turno no tiene a bien que el perjudicado, como prueba anticipada, sea visto por el m\u00e9dico-forense para elaborar el oportuno informe, el lesionado tendr\u00e1 que pagar un perito particular especialista en valoraci\u00f3n del da\u00f1o corporal (con lo que se privatiza la valoraci\u00f3n de las lesiones y secuelas y se vac\u00eda de contenido la labor de los forenses judiciales, que tambi\u00e9n resultan perjudicados con esta decisi\u00f3n) con los gastos que ello conlleva atendiendo, sobre todo, a la escasa entidad de la indemnizaci\u00f3n a percibir. Es decir, todos aquellos accidentes que antes se denunciaban sin gasto alguno es posible que ahora queden impunes por los gastos que pueden generar al perjudicado.<\/p>\n<p style=\"text-align: justify;\">\u00a0\u00a0\u00a0\u00a0\u00a0\u00a0\u00a0\u00a0\u00a0\u00a0\u00a0 Actualmente nuestro despacho est\u00e1 comprobando como juicios de faltas que estaban ya se\u00f1alados se han suspendido por la entrada en vigor del nuevo c\u00f3digo penal. \u00bfQu\u00e9 pasar\u00e1 ahora? Ya os iremos informando, pero es una duda que tienen hasta los propios Magistrados a los que hemos consultado. La nueva reforma del c\u00f3digo penal espa\u00f1ol en materia de accidentes de tr\u00e1fico es una inc\u00f3gnita.<\/p>\n<p style=\"text-align: justify;\">No obstante, este letrado considera que no s\u00f3lo los grandes accidentes tienen cabida en el proceso penal sino tambi\u00e9n aquellos que causan lesiones menores. As\u00ed, si nos vamos al art. 153 del c\u00f3digo penal que establece:<\/p>\n<ol style=\"text-align: justify;\">\n<li>El que por cualquier medio o procedimiento causare a otro menoscabo ps\u00edquico o una lesi\u00f3n de menor gravedad de las previstas en el apartado 2 del art\u00edculo 147,\u00a0(\u2026)<\/li>\n<\/ol>\n<p style=\"text-align: justify;\">Podemos establecer que el nuevo c\u00f3digo penal ampara al peque\u00f1o accidente de tr\u00e1fico pues el medio ser\u00eda el veh\u00edculo y el procedimiento la conducci\u00f3n causando la lesi\u00f3n de menor gravedad. Esperaremos a saber c\u00f3mo reaccionan los Tribunales, pero hasta la fecha seguiremos velando por el inter\u00e9s del peque\u00f1o perjudicado que puede verse sin una indemnizaci\u00f3n por accidente de tr\u00e1fico que como lesionado tiene derecho a percibir.<\/p>\n<p style=\"text-align: justify;\">Si necesitas asesor\u00eda sobre los <strong>accidentes de tr\u00e1fico<\/strong> en la <strong>nueva reforma del c\u00f3digo penal espa\u00f1ol<\/strong>, no dudes en contactar con nosotros.<\/p>\n<p style=\"text-align: justify;\">\n","protected":false},"excerpt":{"rendered":"<p>Como suele pasar, por desgracia m\u00e1s a menudo de lo que quisi\u00e9ramos, las reformas de nuestras leyes no mejoran lo anterior sino que lo empeoran. Verbi gratia la ley Tasas Judiciales (actualmente ya derogada para regocijo de todos los que nos dedicamos a cuestiones judiciales y para reflexi\u00f3n profunda del Sr. Gallard\u00f3n que a d\u00eda [&hellip;]<\/p>\n","protected":false},"author":1,"featured_media":0,"comment_status":"open","ping_status":"open","sticky":false,"template":"","format":"standard","meta":[],"categories":[1],"tags":[],"yoast_head":"<!-- This site is optimized with the Yoast SEO plugin v17.3 - https:\/\/yoast.com\/wordpress\/plugins\/seo\/ -->\n<meta name=\"robots\" content=\"noindex, follow, max-snippet:-1, max-image-preview:large, max-video-preview:-1\" \/>\n<meta property=\"og:locale\" content=\"es_ES\" \/>\n<meta property=\"og:type\" content=\"article\" \/>\n<meta property=\"og:title\" content=\"Tr\u00e1fico en la nueva reforma del c\u00f3digo penal espa\u00f1ol -\" \/>\n<meta property=\"og:description\" content=\"Como suele pasar, por desgracia m\u00e1s a menudo de lo que quisi\u00e9ramos, las reformas de nuestras leyes no mejoran lo anterior sino que lo empeoran. Verbi gratia la ley Tasas Judiciales (actualmente ya derogada para regocijo de todos los que nos dedicamos a cuestiones judiciales y para reflexi\u00f3n profunda del Sr. Gallard\u00f3n que a d\u00eda [&hellip;]\" \/>\n<meta property=\"og:url\" content=\"http:\/\/www.accidentesdetrafico.capital\/blog\/trafico-en-la-nueva-reforma-del-codigo-penal-espanol\/\" \/>\n<meta property=\"article:published_time\" content=\"2015-07-24T14:24:59+00:00\" \/>\n<meta property=\"article:modified_time\" content=\"2015-09-14T14:27:05+00:00\" \/>\n<meta name=\"twitter:card\" content=\"summary\" \/>\n<meta name=\"twitter:label1\" content=\"Escrito por\" \/>\n\t<meta name=\"twitter:data1\" content=\"Abogados M\u00f3stoles \u00b7 diseno@yoseomarketing.com\" \/>\n\t<meta name=\"twitter:label2\" content=\"Tiempo de lectura\" \/>\n\t<meta name=\"twitter:data2\" content=\"4 minutos\" \/>\n<script type=\"application\/ld+json\" class=\"yoast-schema-graph\">{\"@context\":\"https:\/\/schema.org\",\"@graph\":[{\"@type\":\"WebSite\",\"@id\":\"http:\/\/www.accidentesdetrafico.capital\/blog\/#website\",\"url\":\"http:\/\/www.accidentesdetrafico.capital\/blog\/\",\"name\":\"\",\"description\":\"\",\"potentialAction\":[{\"@type\":\"SearchAction\",\"target\":{\"@type\":\"EntryPoint\",\"urlTemplate\":\"http:\/\/www.accidentesdetrafico.capital\/blog\/?s={search_term_string}\"},\"query-input\":\"required name=search_term_string\"}],\"inLanguage\":\"es\"},{\"@type\":\"WebPage\",\"@id\":\"http:\/\/www.accidentesdetrafico.capital\/blog\/trafico-en-la-nueva-reforma-del-codigo-penal-espanol\/#webpage\",\"url\":\"http:\/\/www.accidentesdetrafico.capital\/blog\/trafico-en-la-nueva-reforma-del-codigo-penal-espanol\/\",\"name\":\"Tr\\u00e1fico en la nueva reforma del c\\u00f3digo penal espa\\u00f1ol -\",\"isPartOf\":{\"@id\":\"http:\/\/www.accidentesdetrafico.capital\/blog\/#website\"},\"datePublished\":\"2015-07-24T14:24:59+00:00\",\"dateModified\":\"2015-09-14T14:27:05+00:00\",\"author\":{\"@id\":\"http:\/\/www.accidentesdetrafico.capital\/blog\/#\/schema\/person\/01d4003d7fb8af193f7ec77cd29a1b3e\"},\"breadcrumb\":{\"@id\":\"http:\/\/www.accidentesdetrafico.capital\/blog\/trafico-en-la-nueva-reforma-del-codigo-penal-espanol\/#breadcrumb\"},\"inLanguage\":\"es\",\"potentialAction\":[{\"@type\":\"ReadAction\",\"target\":[\"http:\/\/www.accidentesdetrafico.capital\/blog\/trafico-en-la-nueva-reforma-del-codigo-penal-espanol\/\"]}]},{\"@type\":\"BreadcrumbList\",\"@id\":\"http:\/\/www.accidentesdetrafico.capital\/blog\/trafico-en-la-nueva-reforma-del-codigo-penal-espanol\/#breadcrumb\",\"itemListElement\":[{\"@type\":\"ListItem\",\"position\":1,\"name\":\"Portada\",\"item\":\"http:\/\/www.accidentesdetrafico.capital\/blog\/\"},{\"@type\":\"ListItem\",\"position\":2,\"name\":\"Tr\\u00e1fico en la nueva reforma del c\\u00f3digo penal espa\\u00f1ol\"}]},{\"@type\":\"Person\",\"@id\":\"http:\/\/www.accidentesdetrafico.capital\/blog\/#\/schema\/person\/01d4003d7fb8af193f7ec77cd29a1b3e\",\"name\":\"Abogados M\\u00f3stoles \\u00b7 diseno@yoseomarketing.com\",\"image\":{\"@type\":\"ImageObject\",\"@id\":\"http:\/\/www.accidentesdetrafico.capital\/blog\/#personlogo\",\"inLanguage\":\"es\",\"url\":\"http:\/\/1.gravatar.com\/avatar\/76afb7a4d0f077706afd74e06d1dacde?s=96&d=mm&r=g\",\"contentUrl\":\"http:\/\/1.gravatar.com\/avatar\/76afb7a4d0f077706afd74e06d1dacde?s=96&d=mm&r=g\",\"caption\":\"Abogados M\\u00f3stoles \\u00b7 diseno@yoseomarketing.com\"},\"url\":\"http:\/\/www.accidentesdetrafico.capital\/blog\/author\/yoseo\/\"}]}<\/script>\n<!-- \/ Yoast SEO plugin. -->","yoast_head_json":{"robots":{"index":"noindex","follow":"follow","max-snippet":"max-snippet:-1","max-image-preview":"max-image-preview:large","max-video-preview":"max-video-preview:-1"},"og_locale":"es_ES","og_type":"article","og_title":"Tr\u00e1fico en la nueva reforma del c\u00f3digo penal espa\u00f1ol -","og_description":"Como suele pasar, por desgracia m\u00e1s a menudo de lo que quisi\u00e9ramos, las reformas de nuestras leyes no mejoran lo anterior sino que lo empeoran. Verbi gratia la ley Tasas Judiciales (actualmente ya derogada para regocijo de todos los que nos dedicamos a cuestiones judiciales y para reflexi\u00f3n profunda del Sr. Gallard\u00f3n que a d\u00eda [&hellip;]","og_url":"http:\/\/www.accidentesdetrafico.capital\/blog\/trafico-en-la-nueva-reforma-del-codigo-penal-espanol\/","article_published_time":"2015-07-24T14:24:59+00:00","article_modified_time":"2015-09-14T14:27:05+00:00","twitter_card":"summary","twitter_misc":{"Escrito por":"Abogados M\u00f3stoles \u00b7 diseno@yoseomarketing.com","Tiempo de lectura":"4 minutos"},"schema":{"@context":"https:\/\/schema.org","@graph":[{"@type":"WebSite","@id":"http:\/\/www.accidentesdetrafico.capital\/blog\/#website","url":"http:\/\/www.accidentesdetrafico.capital\/blog\/","name":"","description":"","potentialAction":[{"@type":"SearchAction","target":{"@type":"EntryPoint","urlTemplate":"http:\/\/www.accidentesdetrafico.capital\/blog\/?s={search_term_string}"},"query-input":"required name=search_term_string"}],"inLanguage":"es"},{"@type":"WebPage","@id":"http:\/\/www.accidentesdetrafico.capital\/blog\/trafico-en-la-nueva-reforma-del-codigo-penal-espanol\/#webpage","url":"http:\/\/www.accidentesdetrafico.capital\/blog\/trafico-en-la-nueva-reforma-del-codigo-penal-espanol\/","name":"Tr\u00e1fico en la nueva reforma del c\u00f3digo penal espa\u00f1ol -","isPartOf":{"@id":"http:\/\/www.accidentesdetrafico.capital\/blog\/#website"},"datePublished":"2015-07-24T14:24:59+00:00","dateModified":"2015-09-14T14:27:05+00:00","author":{"@id":"http:\/\/www.accidentesdetrafico.capital\/blog\/#\/schema\/person\/01d4003d7fb8af193f7ec77cd29a1b3e"},"breadcrumb":{"@id":"http:\/\/www.accidentesdetrafico.capital\/blog\/trafico-en-la-nueva-reforma-del-codigo-penal-espanol\/#breadcrumb"},"inLanguage":"es","potentialAction":[{"@type":"ReadAction","target":["http:\/\/www.accidentesdetrafico.capital\/blog\/trafico-en-la-nueva-reforma-del-codigo-penal-espanol\/"]}]},{"@type":"BreadcrumbList","@id":"http:\/\/www.accidentesdetrafico.capital\/blog\/trafico-en-la-nueva-reforma-del-codigo-penal-espanol\/#breadcrumb","itemListElement":[{"@type":"ListItem","position":1,"name":"Portada","item":"http:\/\/www.accidentesdetrafico.capital\/blog\/"},{"@type":"ListItem","position":2,"name":"Tr\u00e1fico en la nueva reforma del c\u00f3digo penal espa\u00f1ol"}]},{"@type":"Person","@id":"http:\/\/www.accidentesdetrafico.capital\/blog\/#\/schema\/person\/01d4003d7fb8af193f7ec77cd29a1b3e","name":"Abogados M\u00f3stoles \u00b7 diseno@yoseomarketing.com","image":{"@type":"ImageObject","@id":"http:\/\/www.accidentesdetrafico.capital\/blog\/#personlogo","inLanguage":"es","url":"http:\/\/1.gravatar.com\/avatar\/76afb7a4d0f077706afd74e06d1dacde?s=96&d=mm&r=g","contentUrl":"http:\/\/1.gravatar.com\/avatar\/76afb7a4d0f077706afd74e06d1dacde?s=96&d=mm&r=g","caption":"Abogados M\u00f3stoles \u00b7 diseno@yoseomarketing.com"},"url":"http:\/\/www.accidentesdetrafico.capital\/blog\/author\/yoseo\/"}]}},"_links":{"self":[{"href":"http:\/\/www.accidentesdetrafico.capital\/blog\/wp-json\/wp\/v2\/posts\/3"}],"collection":[{"href":"http:\/\/www.accidentesdetrafico.capital\/blog\/wp-json\/wp\/v2\/posts"}],"about":[{"href":"http:\/\/www.accidentesdetrafico.capital\/blog\/wp-json\/wp\/v2\/types\/post"}],"author":[{"embeddable":true,"href":"http:\/\/www.accidentesdetrafico.capital\/blog\/wp-json\/wp\/v2\/users\/1"}],"replies":[{"embeddable":true,"href":"http:\/\/www.accidentesdetrafico.capital\/blog\/wp-json\/wp\/v2\/comments?post=3"}],"version-history":[{"count":2,"href":"http:\/\/www.accidentesdetrafico.capital\/blog\/wp-json\/wp\/v2\/posts\/3\/revisions"}],"predecessor-version":[{"id":18,"href":"http:\/\/www.accidentesdetrafico.capital\/blog\/wp-json\/wp\/v2\/posts\/3\/revisions\/18"}],"wp:attachment":[{"href":"http:\/\/www.accidentesdetrafico.capital\/blog\/wp-json\/wp\/v2\/media?parent=3"}],"wp:term":[{"taxonomy":"category","embeddable":true,"href":"http:\/\/www.accidentesdetrafico.capital\/blog\/wp-json\/wp\/v2\/categories?post=3"},{"taxonomy":"post_tag","embeddable":true,"href":"http:\/\/www.accidentesdetrafico.capital\/blog\/wp-json\/wp\/v2\/tags?post=3"}],"curies":[{"name":"wp","href":"https:\/\/api.w.org\/{rel}","templated":true}]}}